{"id":28692,"date":"2023-04-11T12:21:44","date_gmt":"2023-04-11T10:21:44","guid":{"rendered":"https:\/\/www.veterantechna.cz\/?p=28692"},"modified":"2023-04-12T20:29:49","modified_gmt":"2023-04-12T18:29:49","slug":"fruhlings-veteranen-techna-brno-15-4-2023","status":"publish","type":"post","link":"https:\/\/www.veterantechna.cz\/de\/fruhlings-veteranen-techna-brno-15-4-2023\/","title":{"rendered":"Fr\u00fchjahr VeteranTechna Brno 15.4.2023"},"content":{"rendered":"<h2 align=\"JUSTIFY\">Wichtige \u00c4nderungen bei der Ankunft f\u00fcr Besucher, H\u00e4ndler und Aussteller.<\/h2>\n<p>Aufgrund der Bauarbeiten rund um das Br\u00fcnner Messezentrum m\u00f6chten wir alle Besucher der Veter\u00e1nTechna darauf hinweisen, dass der Zugang zum BVV-Gel\u00e4nde stark eingeschr\u00e4nkt ist. Bitte beachten Sie die Verkehrsschilder!<\/p>\n<p align=\"JUSTIFY\"><span style=\"color: #ff0000;\"><strong><span lang=\"cs-CZ\">Aussteller<\/span><span lang=\"cs-CZ\"> und Verk\u00e4ufer<\/span><\/strong><\/span> <span lang=\"cs-CZ\">Sie werden erst ankommen <\/span><span lang=\"cs-CZ\">Tor Nr. 4<\/span><span lang=\"cs-CZ\">!<br \/><\/span><span lang=\"cs-CZ\">(Tor Nr. 10 existiert nicht mehr \u2013 es dient nur noch der Zufahrt zur Baustelle)<\/span><\/p>\n<p align=\"JUSTIFY\"><span style=\"color: #ff0000;\"><strong>Besucher<\/strong><\/span>, Wer aus dem Norden, z. B. \u00fcber die Autobahn aus Richtung Vy\u0161kov, oder aus dem S\u00fcden aus Richtung B\u0159eclav oder Bratislava anreist, wird das Messegel\u00e4nde durch Tor Nr. 4 betreten und gem\u00e4\u00df den Anweisungen der Organisatoren auf dem Gel\u00e4nde parken.<\/p>\n<p align=\"JUSTIFY\"><span style=\"color: #ff0000;\"><strong>Besucher<\/strong><\/span>, Wer von Prag \u00fcber die D1 anreist, f\u00e4hrt durch den Tunnel und biegt nach dem Tunnel auf die Bauerova-Stra\u00dfe ab. Von dort f\u00e4hrt man am Messezentrum vorbei zum Parkplatz und gelangt durch Tor Nr. 4 in das Gel\u00e4nde.<br \/>Wir k\u00f6nnen nicht garantieren, dass der Ausgang vom Tunnel direkt zum Messegel\u00e4nde am Samstag wie in der Vergangenheit zum Tor Nr. 9a ge\u00f6ffnet sein wird.<\/p>\n<p align=\"JUSTIFY\"><span style=\"color: #ff0000;\"><strong>Besucher<\/strong><\/span>, die aus Svitavy kommen \u2013 \u00fcber \u017dabov\u0159esky, werden ankommen <strong>Tor Nr. 9<\/strong>Und (wie zuvor) und <strong>wenn die \u00fcblichen Parkplatzkapazit\u00e4ten ausgesch\u00f6pft sind<\/strong> Hinter Pavillon Z werden sie au\u00dferdem zum Tor Nr. 4 geleitet, wo sie innerhalb des Komplexes parken werden.<\/p>\n<p align=\"JUSTIFY\">Leider kann der Veranstalter von Veter\u00e1nTechna diese Unannehmlichkeiten nicht beeinflussen, sie sind auf die allgemeine Situation vor Ort zur\u00fcckzuf\u00fchren und werden voraussichtlich bis Ende 2025 andauern.<\/p>\n<p align=\"JUSTIFY\"><strong>Bei Verlassen des B\u00f6rsengel\u00e4ndes kann die Autobahnauffahrt D1 durch den Tunnel nicht benutzt werden, sondern es muss die Umleitung und die Auffahrt \u00fcber die V\u00edde\u0148sk\u00e1-Stra\u00dfe genommen werden.<\/strong> (Am Kreisverkehr vor Tor Nr. 4 links abbiegen und nicht die erste Ausfahrt rechts nehmen.) Alle weiteren unerwarteten \u00c4nderungen und Empfehlungen werden, falls vorhanden, kurz vor dem Tausch auf der Website ver\u00f6ffentlicht. <span lang=\"cs-CZ\"><a href=\"http:\/\/www.veterantechna.cz\/de\/\">www.veterantechna.cz<\/a><\/span>. Wir empfehlen Ihnen, diese Website am Freitag vor der Abreise zu besuchen, da dort eventuelle weitere \u00c4nderungen oder Klarstellungen ver\u00f6ffentlicht werden.<\/p>\n<p align=\"LEFT\">Ing. Jan \u0160ust\u00e1\u010dek, Hauptorganisator der VAC Brno<\/p>\n\n\n<figure class=\"wp-block-image size-large\"><a href=\"https:\/\/www.veterantechna.cz\/wp-content\/uploads\/2023\/04\/2023VT-jaro-BVV_Mapka.jpg\"><img decoding=\"async\" width=\"1024\" height=\"808\" src=\"https:\/\/www.veterantechna.cz\/wp-content\/uploads\/2023\/04\/2023VT-jaro-BVV_Mapka-1024x808.jpg\" alt=\"\" class=\"wp-image-28694\" srcset=\"https:\/\/www.veterantechna.cz\/wp-content\/uploads\/2023\/04\/2023VT-jaro-BVV_Mapka-1024x808.jpg 1024w, https:\/\/www.veterantechna.cz\/wp-content\/uploads\/2023\/04\/2023VT-jaro-BVV_Mapka-600x473.jpg 600w, https:\/\/www.veterantechna.cz\/wp-content\/uploads\/2023\/04\/2023VT-jaro-BVV_Mapka-300x237.jpg 300w, https:\/\/www.veterantechna.cz\/wp-content\/uploads\/2023\/04\/2023VT-jaro-BVV_Mapka-768x606.jpg 768w, https:\/\/www.veterantechna.cz\/wp-content\/uploads\/2023\/04\/2023VT-jaro-BVV_Mapka-728x574.jpg 728w, https:\/\/www.veterantechna.cz\/wp-content\/uploads\/2023\/04\/2023VT-jaro-BVV_Mapka-364x287.jpg 364w, https:\/\/www.veterantechna.cz\/wp-content\/uploads\/2023\/04\/2023VT-jaro-BVV_Mapka-520x410.jpg 520w, https:\/\/www.veterantechna.cz\/wp-content\/uploads\/2023\/04\/2023VT-jaro-BVV_Mapka-260x205.jpg 260w, https:\/\/www.veterantechna.cz\/wp-content\/uploads\/2023\/04\/2023VT-jaro-BVV_Mapka.jpg 1486w\" sizes=\"(max-width: 1024px) 100vw, 1024px\" \/><\/a><\/figure>","protected":false},"excerpt":{"rendered":"<p>Wichtige \u00c4nderungen bei der Anreise f\u00fcr Besucher, H\u00e4ndler und Aussteller. Aufgrund der Bauarbeiten rund um das Messegel\u00e4nde in Br\u00fcnn m\u00f6chten wir alle Besucher der Veter\u00e1nTechna darauf hinweisen, dass der Zugang zum BVV-Gel\u00e4nde stark eingeschr\u00e4nkt ist. Bitte folgen Sie der Beschilderung! Aussteller und H\u00e4ndler nutzen ausschlie\u00dflich Tor 4! (Tor 10 ist nicht mehr vorhanden \u2013 es dient nur noch der Zufahrt zur Baustelle.) Besucher, die\u2026<\/p>","protected":false},"author":1,"featured_media":28694,"comment_status":"closed","ping_status":"closed","sticky":false,"template":"","format":"standard","meta":{"_kad_blocks_custom_css":"","_kad_blocks_head_custom_js":"","_kad_blocks_body_custom_js":"","_kad_blocks_footer_custom_js":"","_kad_post_transparent":"","_kad_post_title":"","_kad_post_layout":"","_kad_post_sidebar_id":"","_kad_post_content_style":"","_kad_post_vertical_padding":"","_kad_post_feature":"","_kad_post_feature_position":"","_kad_post_header":false,"_kad_post_footer":false,"_kad_post_classname":"","footnotes":""},"categories":[1],"tags":[],"class_list":["post-28692","post","type-post","status-publish","format-standard","has-post-thumbnail","hentry","category-novinky"],"aioseo_notices":[],"taxonomy_info":{"category":[{"value":1,"label":"Novinky"}]},"featured_image_src_large":["https:\/\/www.veterantechna.cz\/wp-content\/uploads\/2023\/04\/2023VT-jaro-BVV_Mapka-1024x808.jpg",1024,808,true],"author_info":{"display_name":"Rucka","author_link":"https:\/\/www.veterantechna.cz\/de\/author\/rucka\/"},"comment_info":0,"category_info":[{"term_id":1,"name":"Novinky","slug":"novinky","term_group":0,"term_taxonomy_id":1,"taxonomy":"category","description":"","parent":0,"count":29,"filter":"raw","cat_ID":1,"category_count":29,"category_description":"","cat_name":"Novinky","category_nicename":"novinky","category_parent":0}],"tag_info":false,"_links":{"self":[{"href":"https:\/\/www.veterantechna.cz\/de\/wp-json\/wp\/v2\/posts\/28692","targetHints":{"allow":["GET"]}}],"collection":[{"href":"https:\/\/www.veterantechna.cz\/de\/wp-json\/wp\/v2\/posts"}],"about":[{"href":"https:\/\/www.veterantechna.cz\/de\/wp-json\/wp\/v2\/types\/post"}],"author":[{"embeddable":true,"href":"https:\/\/www.veterantechna.cz\/de\/wp-json\/wp\/v2\/users\/1"}],"replies":[{"embeddable":true,"href":"https:\/\/www.veterantechna.cz\/de\/wp-json\/wp\/v2\/comments?post=28692"}],"version-history":[{"count":0,"href":"https:\/\/www.veterantechna.cz\/de\/wp-json\/wp\/v2\/posts\/28692\/revisions"}],"wp:featuredmedia":[{"embeddable":true,"href":"https:\/\/www.veterantechna.cz\/de\/wp-json\/wp\/v2\/media\/28694"}],"wp:attachment":[{"href":"https:\/\/www.veterantechna.cz\/de\/wp-json\/wp\/v2\/media?parent=28692"}],"wp:term":[{"taxonomy":"category","embeddable":true,"href":"https:\/\/www.veterantechna.cz\/de\/wp-json\/wp\/v2\/categories?post=28692"},{"taxonomy":"post_tag","embeddable":true,"href":"https:\/\/www.veterantechna.cz\/de\/wp-json\/wp\/v2\/tags?post=28692"}],"curies":[{"name":"wp","href":"https:\/\/api.w.org\/{rel}","templated":true}]}}