{"id":25768,"date":"2022-09-08T10:55:04","date_gmt":"2022-09-08T08:55:04","guid":{"rendered":"https:\/\/www.veterantechna.cz\/?p=25768"},"modified":"2022-09-08T10:55:07","modified_gmt":"2022-09-08T08:55:07","slug":"veterantechna-brno-jesien-w-sobote-15-10-2022","status":"publish","type":"post","link":"https:\/\/www.veterantechna.cz\/pl\/veterantechna-brno-jesien-w-sobote-15-10-2022\/","title":{"rendered":"Veter\u00e1nTechna Brno \u2013 jesie\u0144 w sobot\u0119 15 pa\u017adziernika 2022 r"},"content":{"rendered":"<figure class=\"wp-block-image size-large\"><img decoding=\"async\" width=\"1024\" height=\"392\" src=\"https:\/\/www.veterantechna.cz\/wp-content\/uploads\/2020\/05\/BURZA-VCC-w-min-1024x392.jpg\" alt=\"\" class=\"wp-image-10711\" srcset=\"https:\/\/www.veterantechna.cz\/wp-content\/uploads\/2020\/05\/BURZA-VCC-w-min-1024x392.jpg 1024w, https:\/\/www.veterantechna.cz\/wp-content\/uploads\/2020\/05\/BURZA-VCC-w-min-600x230.jpg 600w, https:\/\/www.veterantechna.cz\/wp-content\/uploads\/2020\/05\/BURZA-VCC-w-min-300x115.jpg 300w, https:\/\/www.veterantechna.cz\/wp-content\/uploads\/2020\/05\/BURZA-VCC-w-min-768x294.jpg 768w, https:\/\/www.veterantechna.cz\/wp-content\/uploads\/2020\/05\/BURZA-VCC-w-min-520x200.jpg 520w, https:\/\/www.veterantechna.cz\/wp-content\/uploads\/2020\/05\/BURZA-VCC-w-min-260x100.jpg 260w, https:\/\/www.veterantechna.cz\/wp-content\/uploads\/2020\/05\/BURZA-VCC-w-min-728x278.jpg 728w, https:\/\/www.veterantechna.cz\/wp-content\/uploads\/2020\/05\/BURZA-VCC-w-min-364x139.jpg 364w, https:\/\/www.veterantechna.cz\/wp-content\/uploads\/2020\/05\/BURZA-VCC-w-min.jpg 1280w\" sizes=\"(max-width: 1024px) 100vw, 1024px\" \/><\/figure>\n\n\n<p align=\"JUSTIFY\"><strong>Drodzy mi\u0142o\u015bnicy pojazd\u00f3w zabytkowych.<\/strong><\/p>\n<p align=\"JUSTIFY\">Zbli\u017ca si\u0119 semestr jesienny. <b>WeteranTechny <\/b>w Centrum Wystawowym w Brnie, kt\u00f3re odb\u0119dzie si\u0119 <b>Sobota, 15 pa\u017adziernika 2022 r.<\/b><\/p>\n<p align=\"JUSTIFY\"><b>Je\u017celi rozwa\u017casz udzia\u0142 w naszym wydarzeniu, najkorzystniejsz\u0105 opcj\u0105 jest (<\/b><b>uczestnictwo ze zni\u017ck\u0105 50 %) zarejestruj si\u0119 i op\u0142a\u0107 op\u0142at\u0119 do 15 wrze\u015bnia 2022 r.<\/b><\/p>\n<p align=\"JUSTIFY\">W tym roku masz r\u00f3wnie\u017c mo\u017cliwo\u015b\u0107 wcze\u015bniejszego zam\u00f3wienia powierzchni sprzeda\u017cowej po obni\u017conej cenie na stronie internetowej. <a href=\"https:\/\/www.veterantechna.cz\/pl\/wystawcy\/handel\/\" target=\"_blank\" rel=\"noopener\">www.veterantechna.cz<\/a> w sekcji wystawc\u00f3w. W 2022 roku nie podnie\u015bli\u015bmy cen us\u0142ug dla sprzedawc\u00f3w. Przeszli\u015bmy na nowocze\u015bniejszy i ta\u0144szy spos\u00f3b sk\u0142adania zam\u00f3wie\u0144. Twoje zam\u00f3wienie mo\u017ce zosta\u0107 zrealizowane w ca\u0142o\u015bci elektronicznie, a Ty zaoszcz\u0119dzisz 100 CZK na przesy\u0142ce.<\/p>\n<p align=\"JUSTIFY\">Po zam\u00f3wieniu wymaganej wielko\u015bci punktu sprzeda\u017cy, liczby wej\u015b\u0107 (akredytacji) i liczby wej\u015b\u0107, mo\u017cesz wybra\u0107, czy chcesz wys\u0142a\u0107 zg\u0142oszenia poczt\u0105 za 100 CZK, czy wydrukowa\u0107 odpowiedni\u0105 liczb\u0119 kod\u00f3w QR dla zg\u0142osze\u0144 po dokonaniu p\u0142atno\u015bci i zatwierdzeniu wniosku z naszej strony. Aby umo\u017cliwi\u0107 wej\u015bcia, konieczne b\u0119dzie posiadanie przydzielonego numeru punktu sprzeda\u017cy oraz gotowych kod\u00f3w QR przy wej\u015bciu na teren BVV, aby odprawa przebieg\u0142a szybko i sprawnie, a my nie op\u00f3\u017anialiby\u015bmy innych uczestnik\u00f3w.<\/p>\n<p align=\"JUSTIFY\">Liczymy na Pa\u0144stwa udzia\u0142.<\/p>\n<p align=\"JUSTIFY\">dla zespo\u0142u organizacyjnego<br \/>Ing. Jan \u0160ust\u00e1\u010dek<br \/>g\u0142\u00f3wny organizator<\/p>\n\n<style>.wp-block-kadence-advancedbtn.kb-btns_ca80fd-59{gap:var(--global-kb-gap-xs, 0.5rem );justify-content:center;align-items:center;}.kt-btns_ca80fd-59 .kt-button{font-weight:normal;font-style:normal;}.kt-btns_ca80fd-59 .kt-btn-wrap-0{margin-right:5px;}.wp-block-kadence-advancedbtn.kt-btns_ca80fd-59 .kt-btn-wrap-0 .kt-button{color:#555555;font-size:36px;border-color:#555555;}.wp-block-kadence-advancedbtn.kt-btns_ca80fd-59 .kt-btn-wrap-0 .kt-button:hover, .wp-block-kadence-advancedbtn.kt-btns_ca80fd-59 .kt-btn-wrap-0 .kt-button:focus{color:#ffffff;border-color:#444444;}.wp-block-kadence-advancedbtn.kt-btns_ca80fd-59 .kt-btn-wrap-0 .kt-button::before{display:none;}.wp-block-kadence-advancedbtn.kt-btns_ca80fd-59 .kt-btn-wrap-0 .kt-button:hover, .wp-block-kadence-advancedbtn.kt-btns_ca80fd-59 .kt-btn-wrap-0 .kt-button:focus{background:#444444;}<\/style>\n<div class=\"wp-block-kadence-advancedbtn kt-btn-align-center kt-btn-tablet-align-inherit kt-btn-mobile-align-inherit kt-btns-wrap kt-btns_ca80fd-59\"><div class=\"kt-btn-wrap kt-btn-wrap-0\"><a class=\"kt-button button kt-btn-0-action kt-btn-size-large kt-btn-style-basic kt-btn-svg-show-always kt-btn-has-text-true kt-btn-has-svg-false\" href=\"https:\/\/www.veterantechna.cz\/pl\/wystawcy\/handel\/\"><span class=\"kt-btn-inner-text\">Sklep sprzedawcy<\/span><\/a><\/div><\/div>","protected":false},"excerpt":{"rendered":"<p>Drodzy fani zabytkowych pojazd\u00f3w! Zbli\u017ca si\u0119 termin jesiennych targ\u00f3w VeteranTechna w Centrum Wystawienniczym w Brnie, kt\u00f3ry odb\u0119dzie si\u0119 w sobot\u0119 15 pa\u017adziernika 2022 roku. Je\u015bli rozwa\u017cacie Pa\u0144stwo udzia\u0142 w naszym wydarzeniu, najkorzystniejsz\u0105 opcj\u0105 (udzia\u0142 ze zni\u017ck\u0105 50 %) jest rejestracja i uiszczenie op\u0142aty do 15 wrze\u015bnia 2022 roku. R\u00f3wnie\u017c w tym roku macie Pa\u0144stwo mo\u017cliwo\u015b\u0107 zam\u00f3wienia powierzchni sprzeda\u017cowej w przedsprzeda\u017cy\u2026<\/p>","protected":false},"author":1,"featured_media":10711,"comment_status":"closed","ping_status":"closed","sticky":false,"template":"","format":"standard","meta":{"_kad_blocks_custom_css":"","_kad_blocks_head_custom_js":"","_kad_blocks_body_custom_js":"","_kad_blocks_footer_custom_js":"","_kad_post_transparent":"","_kad_post_title":"","_kad_post_layout":"","_kad_post_sidebar_id":"","_kad_post_content_style":"","_kad_post_vertical_padding":"","_kad_post_feature":"","_kad_post_feature_position":"","_kad_post_header":false,"_kad_post_footer":false,"_kad_post_classname":"","footnotes":""},"categories":[1],"tags":[],"class_list":["post-25768","post","type-post","status-publish","format-standard","has-post-thumbnail","hentry","category-novinky"],"aioseo_notices":[],"taxonomy_info":{"category":[{"value":1,"label":"Novinky"}]},"featured_image_src_large":["https:\/\/www.veterantechna.cz\/wp-content\/uploads\/2020\/05\/BURZA-VCC-w-min-1024x392.jpg",1024,392,true],"author_info":{"display_name":"Rucka","author_link":"https:\/\/www.veterantechna.cz\/pl\/author\/rucka\/"},"comment_info":0,"category_info":[{"term_id":1,"name":"Novinky","slug":"novinky","term_group":0,"term_taxonomy_id":1,"taxonomy":"category","description":"","parent":0,"count":29,"filter":"raw","cat_ID":1,"category_count":29,"category_description":"","cat_name":"Novinky","category_nicename":"novinky","category_parent":0}],"tag_info":false,"_links":{"self":[{"href":"https:\/\/www.veterantechna.cz\/pl\/wp-json\/wp\/v2\/posts\/25768","targetHints":{"allow":["GET"]}}],"collection":[{"href":"https:\/\/www.veterantechna.cz\/pl\/wp-json\/wp\/v2\/posts"}],"about":[{"href":"https:\/\/www.veterantechna.cz\/pl\/wp-json\/wp\/v2\/types\/post"}],"author":[{"embeddable":true,"href":"https:\/\/www.veterantechna.cz\/pl\/wp-json\/wp\/v2\/users\/1"}],"replies":[{"embeddable":true,"href":"https:\/\/www.veterantechna.cz\/pl\/wp-json\/wp\/v2\/comments?post=25768"}],"version-history":[{"count":0,"href":"https:\/\/www.veterantechna.cz\/pl\/wp-json\/wp\/v2\/posts\/25768\/revisions"}],"wp:featuredmedia":[{"embeddable":true,"href":"https:\/\/www.veterantechna.cz\/pl\/wp-json\/wp\/v2\/media\/10711"}],"wp:attachment":[{"href":"https:\/\/www.veterantechna.cz\/pl\/wp-json\/wp\/v2\/media?parent=25768"}],"wp:term":[{"taxonomy":"category","embeddable":true,"href":"https:\/\/www.veterantechna.cz\/pl\/wp-json\/wp\/v2\/categories?post=25768"},{"taxonomy":"post_tag","embeddable":true,"href":"https:\/\/www.veterantechna.cz\/pl\/wp-json\/wp\/v2\/tags?post=25768"}],"curies":[{"name":"wp","href":"https:\/\/api.w.org\/{rel}","templated":true}]}}