{"id":38188,"date":"2025-04-02T16:58:28","date_gmt":"2025-04-02T14:58:28","guid":{"rendered":"https:\/\/www.veterantechna.cz\/?p=38188"},"modified":"2025-04-02T17:00:04","modified_gmt":"2025-04-02T15:00:04","slug":"spring-veterantechna-brno-5-4-2025","status":"publish","type":"post","link":"https:\/\/www.veterantechna.cz\/pl\/spring-veterantechna-brno-5-4-2025\/","title":{"rendered":"Spring VeteranTechna Brno 5. 4. 2025"},"content":{"rendered":"<h2 align=\"JUSTIFY\">Wa\u017cne zmiany w przyjazdach dla go\u015bci, sprzedawc\u00f3w i wystawc\u00f3w.<\/h2>\n<p>W najbli\u017csz\u0105 sobot\u0119 w Brne\u0144skim Centrum Wystawienniczym odb\u0119dzie si\u0119 Tradycyjna VeteranTechna, czyli wystawa zabytkowych pojazd\u00f3w oraz gie\u0142da cz\u0119\u015bci zamiennych do pojazd\u00f3w zabytkowych. Ze wzgl\u0119du na prace budowlane wok\u00f3\u0142 centrum wystawowego i utrudnienia w ruchu drogowym, informujemy, \u017ce dojazd jest teraz mo\u017cliwy zar\u00f3wno tunelem od strony autostrady D1, jak i od strony Svitav (przez \u017dabov\u0159esky). Nadal jednak wyst\u0119puj\u0105 drobne utrudnienia na drogach wok\u00f3\u0142 centrum wystawowego (w kierunku od \u017dabov\u0159esky). Ruch odbywa si\u0119 jednopasmowo na skrzy\u017cowaniu pod tunelami Pis\u00e1reck\u00fd, a nast\u0119pnie ponownie jednopasmowo przed wjazdem na teren centrum wystawowego.<\/p>\n<p>Wej\u015bcie na teren centrum wystawowego dla sprzedawc\u00f3w i kupuj\u0105cych mo\u017cliwe jest wy\u0142\u0105cznie przez bram\u0119 nr 4 \u2013 GPS 49\u00b011&#039;4.89\u2033N; 16\u00b034&#039;55.61\u2033E.\u00a0<\/p>\n<p>Sprzedawcy, kt\u00f3rzy ju\u017c kupili powierzchnie sprzeda\u017cowe, prosz\u0119 o ocen\u0119 <strong>na lewy pas wewn\u0105trz centrum wystawowego<\/strong>. <br \/>Sprzedawc\u00f3w, kt\u00f3rzy nie zakupili punkt\u00f3w sprzeda\u017cy oraz wszystkich kupuj\u0105cych prosimy o do\u0142\u0105czenie <strong>Tylko<\/strong><strong>alejka wewn\u0105trz centrum wystawowego. <\/strong><\/p>\n<p>Szczeg\u00f3\u0142owe informacje o zamkni\u0119ciach nie tylko w okolicach centrum wystawowego, ale w ca\u0142ym Brnie mo\u017cna znale\u017a\u0107 na stronie <a href=\"http:\/\/www.kopemezabrno.cz\/\" target=\"_blank\" rel=\"noopener\">www.kopemezabrno.cz<\/a> w dziale wiadomo\u015bci o zamkni\u0119ciu.<\/p>\n<p>Ponadto mo\u017ce si\u0119 zdarzy\u0107, \u017ce tunel Kr\u00e1lovopolsk\u00e1 i galeria \u017dabov\u0159esky (tunel) b\u0119d\u0105 zamkni\u0119te w sobot\u0119 rano do godziny 5:00.<\/p>\n<p>Czekamy na Pa\u0144stwa wizyt\u0119 nie tylko tej wiosny 5 kwietnia, ale r\u00f3wnie\u017c na jesiennej imprezie Veter\u00e1nTechna, kt\u00f3ra odb\u0119dzie si\u0119 18 pa\u017adziernika 2025 r.<\/p>\n<p align=\"LEFT\">In\u017c. Jan \u0160ust\u00e1\u010dek, g\u0142\u00f3wny organizator VAC Brno<\/p>\n\n\n<figure class=\"wp-block-image size-large\"><a href=\"https:\/\/www.veterantechna.cz\/wp-content\/uploads\/2025\/03\/2025-04-VT-BVV_Mapka.jpg\"><img decoding=\"async\" width=\"1024\" height=\"808\" src=\"https:\/\/www.veterantechna.cz\/wp-content\/uploads\/2025\/03\/2025-04-VT-BVV_Mapka-1024x808.jpg\" alt=\"\" class=\"wp-image-37973\" srcset=\"https:\/\/www.veterantechna.cz\/wp-content\/uploads\/2025\/03\/2025-04-VT-BVV_Mapka-1024x808.jpg 1024w, https:\/\/www.veterantechna.cz\/wp-content\/uploads\/2025\/03\/2025-04-VT-BVV_Mapka-300x237.jpg 300w, https:\/\/www.veterantechna.cz\/wp-content\/uploads\/2025\/03\/2025-04-VT-BVV_Mapka-768x606.jpg 768w, https:\/\/www.veterantechna.cz\/wp-content\/uploads\/2025\/03\/2025-04-VT-BVV_Mapka-1536x1212.jpg 1536w, https:\/\/www.veterantechna.cz\/wp-content\/uploads\/2025\/03\/2025-04-VT-BVV_Mapka-600x473.jpg 600w, https:\/\/www.veterantechna.cz\/wp-content\/uploads\/2025\/03\/2025-04-VT-BVV_Mapka.jpg 1600w\" sizes=\"(max-width: 1024px) 100vw, 1024px\" \/><\/a><\/figure>","protected":false},"excerpt":{"rendered":"<p>Wa\u017cne zmiany w doje\u017adzie dla zwiedzaj\u0105cych, sprzedawc\u00f3w i wystawc\u00f3w. W najbli\u017csz\u0105 sobot\u0119 w Centrum Wystawienniczym w Brnie odb\u0119dzie si\u0119 Tradycyjna VeteranTechna, czyli wystawa zabytkowych pojazd\u00f3w oraz gie\u0142da cz\u0119\u015bci zamiennych do pojazd\u00f3w zabytkowych. Ze wzgl\u0119du na prace budowlane w pobli\u017cu centrum wystawienniczego i utrudnienia w ruchu, informujemy, \u017ce dojazd jest teraz mo\u017cliwy zar\u00f3wno tunelem od strony autostrady D1, jak i w kierunku od strony Svitavy (przez\u2026<\/p>","protected":false},"author":1,"featured_media":34979,"comment_status":"closed","ping_status":"closed","sticky":false,"template":"","format":"standard","meta":{"_kad_blocks_custom_css":"","_kad_blocks_head_custom_js":"","_kad_blocks_body_custom_js":"","_kad_blocks_footer_custom_js":"","_kad_post_transparent":"","_kad_post_title":"","_kad_post_layout":"","_kad_post_sidebar_id":"","_kad_post_content_style":"","_kad_post_vertical_padding":"","_kad_post_feature":"","_kad_post_feature_position":"","_kad_post_header":false,"_kad_post_footer":false,"_kad_post_classname":"","footnotes":""},"categories":[1],"tags":[],"class_list":["post-38188","post","type-post","status-publish","format-standard","has-post-thumbnail","hentry","category-novinky"],"aioseo_notices":[],"taxonomy_info":{"category":[{"value":1,"label":"Novinky"}]},"featured_image_src_large":["https:\/\/www.veterantechna.cz\/wp-content\/uploads\/2023\/10\/2024-VT-BVV_Mapka-1024x808.jpg",1024,808,true],"author_info":{"display_name":"Rucka","author_link":"https:\/\/www.veterantechna.cz\/pl\/author\/rucka\/"},"comment_info":0,"category_info":[{"term_id":1,"name":"Novinky","slug":"novinky","term_group":0,"term_taxonomy_id":1,"taxonomy":"category","description":"","parent":0,"count":29,"filter":"raw","cat_ID":1,"category_count":29,"category_description":"","cat_name":"Novinky","category_nicename":"novinky","category_parent":0}],"tag_info":false,"_links":{"self":[{"href":"https:\/\/www.veterantechna.cz\/pl\/wp-json\/wp\/v2\/posts\/38188","targetHints":{"allow":["GET"]}}],"collection":[{"href":"https:\/\/www.veterantechna.cz\/pl\/wp-json\/wp\/v2\/posts"}],"about":[{"href":"https:\/\/www.veterantechna.cz\/pl\/wp-json\/wp\/v2\/types\/post"}],"author":[{"embeddable":true,"href":"https:\/\/www.veterantechna.cz\/pl\/wp-json\/wp\/v2\/users\/1"}],"replies":[{"embeddable":true,"href":"https:\/\/www.veterantechna.cz\/pl\/wp-json\/wp\/v2\/comments?post=38188"}],"version-history":[{"count":2,"href":"https:\/\/www.veterantechna.cz\/pl\/wp-json\/wp\/v2\/posts\/38188\/revisions"}],"predecessor-version":[{"id":38190,"href":"https:\/\/www.veterantechna.cz\/pl\/wp-json\/wp\/v2\/posts\/38188\/revisions\/38190"}],"wp:featuredmedia":[{"embeddable":true,"href":"https:\/\/www.veterantechna.cz\/pl\/wp-json\/wp\/v2\/media\/34979"}],"wp:attachment":[{"href":"https:\/\/www.veterantechna.cz\/pl\/wp-json\/wp\/v2\/media?parent=38188"}],"wp:term":[{"taxonomy":"category","embeddable":true,"href":"https:\/\/www.veterantechna.cz\/pl\/wp-json\/wp\/v2\/categories?post=38188"},{"taxonomy":"post_tag","embeddable":true,"href":"https:\/\/www.veterantechna.cz\/pl\/wp-json\/wp\/v2\/tags?post=38188"}],"curies":[{"name":"wp","href":"https:\/\/api.w.org\/{rel}","templated":true}]}}