{"id":40182,"date":"2026-03-30T20:29:01","date_gmt":"2026-03-30T18:29:01","guid":{"rendered":"https:\/\/www.veterantechna.cz\/?p=40182"},"modified":"2026-04-19T16:09:07","modified_gmt":"2026-04-19T14:09:07","slug":"wiosna-veterantechna-brno-2026","status":"publish","type":"post","link":"https:\/\/www.veterantechna.cz\/pl\/wiosna-veterantechna-brno-2026\/","title":{"rendered":"Spring VeteranTechna Brno 2026"},"content":{"rendered":"<p class=\"wp-block-paragraph\"><strong>Informacje dla zwiedzaj\u0105cych targi Veter\u00e1nTechna Brno, kt\u00f3re odb\u0119d\u0105 si\u0119 w sobot\u0119 25 kwietnia 2026 r. w Brne\u0144skim Centrum Wystawienniczym.<\/strong><\/p>\n\n\n\n<p class=\"wp-block-paragraph\"><strong>Informujemy wszystkich odwiedzaj\u0105cych, \u017ce wej\u015bcie mo\u017cliwe jest wy\u0142\u0105cznie przez bram\u0119 nr 7.<\/strong>, czyli brama wjazdowa od powstaj\u0105cej za Pawilonem P nowej hali wielofunkcyjnej. Wok\u00f3\u0142 Pawilonu P znajdowa\u0107 si\u0119 b\u0119d\u0105 r\u00f3wnie\u017c miejsca parkingowe.<br>Wej\u015bcie dla pieszych i kasy biletowe b\u0119d\u0105 znajdowa\u0107 si\u0119 obok Pawilonu F, tak jak dotychczas.<\/p>\n\n\n\n<p class=\"wp-block-paragraph\">Je\u015bli jedziesz autostrad\u0105 D1 (od strony Bohunic) przez tunel, musisz kierowa\u0107 si\u0119 pomara\u0144czowymi strza\u0142kami <strong>\u201eBrama nr 7\u201c<\/strong>. Jad\u0105c z miasta lub z \u017dabov\u0159eska obwodnic\u0105 (czteropasmow\u0105), nale\u017cy skr\u0119ci\u0107 do bramy nr 4, a przed ni\u0105 skr\u0119ci\u0107 w lewo na skrzy\u017cowaniu i objecha\u0107 ca\u0142\u0105 doln\u0105 cz\u0119\u015b\u0107 centrum wystawowego, mijaj\u0105c tor kolarski, stacj\u0119 benzynow\u0105, remiz\u0119 stra\u017cack\u0105 i dojecha\u0107 do nowej hali. Przy bramie nr 4 i dalej wzd\u0142u\u017c drogi serwisowej znajduj\u0105 si\u0119 pomara\u0144czowe strza\u0142ki z napisem \u201eBrama nr 7\u201c.\u201c<\/p>\n\n\n\n<p class=\"wp-block-paragraph\">Je\u015bli przejdziesz przez bramk\u0119 nr 4, mog\u0105 Ci\u0119 poprosi\u0107 o op\u0142at\u0119 za parking, poniewa\u017c w tym samym czasie, co Veter\u00e1nTechna, w pawilonach centrum wystawowego odbywaj\u0105 si\u0119 3 inne imprezy, za kt\u00f3re parking jest p\u0142atny. Zwiedzaj\u0105cy nie mog\u0105 wi\u0119c dosta\u0107 si\u0119 na Veter\u00e1nTechna przez bramk\u0119 nr 4 bez uiszczenia op\u0142aty za parking!!!<\/p>\n\n\n\n<p><a title=\"Mapa Veter\u00e1nTechna Brno\" href=\"https:\/\/mapy.com\/s\/jubogepamu\" target=\"_blank\" rel=\"noopener\">Oto link do maps.com<\/a><\/p>\n\n\n<style>.kb-image40182_f47b7e-40 .kb-image-has-overlay:after{opacity:0.3;}<\/style>\n<figure class=\"wp-block-kadence-image kb-image40182_f47b7e-40 size-large\"><a href=\"https:\/\/www.veterantechna.cz\/wp-content\/uploads\/2026\/03\/2026-04-VT-mapa.jpg\" class=\"kb-advanced-image-link\"><img decoding=\"async\" width=\"1280\" height=\"927\" src=\"https:\/\/www.veterantechna.cz\/wp-content\/uploads\/2026\/03\/2026-04-VT-mapa-1280x927.jpg\" alt=\"\" class=\"kb-img wp-image-40165\" srcset=\"https:\/\/www.veterantechna.cz\/wp-content\/uploads\/2026\/03\/2026-04-VT-mapa-1280x927.jpg 1280w, https:\/\/www.veterantechna.cz\/wp-content\/uploads\/2026\/03\/2026-04-VT-mapa-150x109.jpg 150w, https:\/\/www.veterantechna.cz\/wp-content\/uploads\/2026\/03\/2026-04-VT-mapa-768x556.jpg 768w, https:\/\/www.veterantechna.cz\/wp-content\/uploads\/2026\/03\/2026-04-VT-mapa-1536x1113.jpg 1536w, https:\/\/www.veterantechna.cz\/wp-content\/uploads\/2026\/03\/2026-04-VT-mapa-600x435.jpg 600w, https:\/\/www.veterantechna.cz\/wp-content\/uploads\/2026\/03\/2026-04-VT-mapa.jpg 1920w\" sizes=\"(max-width: 1280px) 100vw, 1280px\" \/><\/a><\/figure>","protected":false},"excerpt":{"rendered":"<p>Informacje dla odwiedzaj\u0105cych targi Veter\u00e1nTechna Brno, kt\u00f3re odb\u0119d\u0105 si\u0119 w sobot\u0119 25 kwietnia 2026 roku w Centrum Wystawienniczym w Brnie. Informujemy wszystkich odwiedzaj\u0105cych, \u017ce wej\u015bcie jest mo\u017cliwe wy\u0142\u0105cznie przez bram\u0119 nr 7, czyli od strony nowej hali wielofunkcyjnej, kt\u00f3ra powstaje za pawilonem P. Wok\u00f3\u0142 pawilonu P b\u0119dzie r\u00f3wnie\u017c dost\u0119pny parking. Wej\u015bcie dla pieszych i kasy biletowe, tak jak dotychczas, b\u0119d\u0105 znajdowa\u0107 si\u0119 obok pawilonu F. Je\u015bli przyje\u017cd\u017caj\u0105 Pa\u0144stwo z\u2026<\/p>","protected":false},"author":1,"featured_media":40177,"comment_status":"closed","ping_status":"closed","sticky":false,"template":"","format":"standard","meta":{"_kad_blocks_custom_css":"","_kad_blocks_head_custom_js":"","_kad_blocks_body_custom_js":"","_kad_blocks_footer_custom_js":"","_kad_post_transparent":"","_kad_post_title":"","_kad_post_layout":"","_kad_post_sidebar_id":"","_kad_post_content_style":"","_kad_post_vertical_padding":"","_kad_post_feature":"","_kad_post_feature_position":"","_kad_post_header":false,"_kad_post_footer":false,"_kad_post_classname":"","footnotes":""},"categories":[1],"tags":[],"class_list":["post-40182","post","type-post","status-publish","format-standard","has-post-thumbnail","hentry","category-novinky"],"aioseo_notices":[],"taxonomy_info":{"category":[{"value":1,"label":"Novinky"}]},"featured_image_src_large":["https:\/\/www.veterantechna.cz\/wp-content\/uploads\/2026\/03\/parking-1280x1280.jpg",1280,1280,true],"author_info":{"display_name":"Rucka","author_link":"https:\/\/www.veterantechna.cz\/pl\/author\/rucka\/"},"comment_info":0,"category_info":[{"term_id":1,"name":"Novinky","slug":"novinky","term_group":0,"term_taxonomy_id":1,"taxonomy":"category","description":"","parent":0,"count":29,"filter":"raw","cat_ID":1,"category_count":29,"category_description":"","cat_name":"Novinky","category_nicename":"novinky","category_parent":0}],"tag_info":false,"_links":{"self":[{"href":"https:\/\/www.veterantechna.cz\/pl\/wp-json\/wp\/v2\/posts\/40182","targetHints":{"allow":["GET"]}}],"collection":[{"href":"https:\/\/www.veterantechna.cz\/pl\/wp-json\/wp\/v2\/posts"}],"about":[{"href":"https:\/\/www.veterantechna.cz\/pl\/wp-json\/wp\/v2\/types\/post"}],"author":[{"embeddable":true,"href":"https:\/\/www.veterantechna.cz\/pl\/wp-json\/wp\/v2\/users\/1"}],"replies":[{"embeddable":true,"href":"https:\/\/www.veterantechna.cz\/pl\/wp-json\/wp\/v2\/comments?post=40182"}],"version-history":[{"count":3,"href":"https:\/\/www.veterantechna.cz\/pl\/wp-json\/wp\/v2\/posts\/40182\/revisions"}],"predecessor-version":[{"id":40185,"href":"https:\/\/www.veterantechna.cz\/pl\/wp-json\/wp\/v2\/posts\/40182\/revisions\/40185"}],"wp:featuredmedia":[{"embeddable":true,"href":"https:\/\/www.veterantechna.cz\/pl\/wp-json\/wp\/v2\/media\/40177"}],"wp:attachment":[{"href":"https:\/\/www.veterantechna.cz\/pl\/wp-json\/wp\/v2\/media?parent=40182"}],"wp:term":[{"taxonomy":"category","embeddable":true,"href":"https:\/\/www.veterantechna.cz\/pl\/wp-json\/wp\/v2\/categories?post=40182"},{"taxonomy":"post_tag","embeddable":true,"href":"https:\/\/www.veterantechna.cz\/pl\/wp-json\/wp\/v2\/tags?post=40182"}],"curies":[{"name":"wp","href":"https:\/\/api.w.org\/{rel}","templated":true}]}}